{"id":1566,"date":"2023-03-03T16:02:49","date_gmt":"2023-03-03T16:02:49","guid":{"rendered":"https:\/\/liceoadhalmar.cl\/wp\/?p=1566"},"modified":"2023-05-26T03:13:40","modified_gmt":"2023-05-26T03:13:40","slug":"estimada-comunidad-del-liceo-augusto-dhalmar","status":"publish","type":"post","link":"https:\/\/liceoadhalmar.cl\/wp\/estimada-comunidad-del-liceo-augusto-dhalmar\/","title":{"rendered":"Estimada comunidad del Liceo Augusto D\u2019Halmar:"},"content":{"rendered":"<p><strong><span style=\"vertical-align: inherit;\"><span style=\"vertical-align: inherit;\">Sobre el inicio del a\u00f1o escolar 2023, queremos agradecerles todo el apoyo recibido hoy, <\/span><\/span><\/strong><br \/>\n<strong><span style=\"vertical-align: inherit;\"><span style=\"vertical-align: inherit;\">que independiente a las situaciones complejas que se podr\u00edan haber presentado, la jornada se <\/span><\/span><\/strong><br \/>\n<strong><span style=\"vertical-align: inherit;\"><span style=\"vertical-align: inherit;\">pudo realizar con normalidad, seg\u00fan lo planificado. <\/span><\/span><\/strong><br \/>\n<strong><span style=\"vertical-align: inherit;\"><span style=\"vertical-align: inherit;\">Agradecemos el apoyo de los y las Estudiantes, su buena disposici\u00f3n y propuestas, que <\/span><\/span><\/strong><br \/>\n<strong><span style=\"vertical-align: inherit;\"><span style=\"vertical-align: inherit;\">nos instan a seguir mejorando para entregar la educaci\u00f3n de calidad que merecen. <\/span><\/span><\/strong><br \/>\n<strong><span style=\"vertical-align: inherit;\"><span style=\"vertical-align: inherit;\">Adem\u00e1s, agradecemos a las que, a trav\u00e9s del di\u00e1logo y mostramos instancias <\/span><\/span><\/strong><br \/>\n<strong><span style=\"vertical-align: inherit;\"><span style=\"vertical-align: inherit;\">para comunicar las buenas ideas, nos ha permitido mantener a las familias esta labor, en pos de nuestros <\/span><\/span><\/strong><br \/>\n<strong><span style=\"vertical-align: inherit;\"><span style=\"vertical-align: inherit;\">estudiantes. <\/span><\/span><\/strong><br \/>\n<strong><span style=\"vertical-align: inherit;\"><span style=\"vertical-align: inherit;\">Recordamos que toda comunicaci\u00f3n oficial, ser\u00e1 difundida en la p\u00e1gina web del <\/span><\/span><\/strong><br \/>\n<strong><span style=\"vertical-align: inherit;\"><span style=\"vertical-align: inherit;\">establecimiento <a href=\"https:\/\/liceoadhalmar.cl\/\" target=\"_blank\" rel=\"noopener\">https:\/\/liceoadhalmar.cl\/<\/a><\/span><\/span><\/strong><br \/>\n<strong><span style=\"vertical-align: inherit;\"><span style=\"vertical-align: inherit;\">Reiteramos nuestro compromiso, que nos mandata a resguardar el derecho a la <\/span><\/span><\/strong><br \/>\n<strong><span style=\"vertical-align: inherit;\"><span style=\"vertical-align: inherit;\">educaci\u00f3n de ni\u00f1os, ni\u00f1as y adolescentes.<\/span><\/span><\/strong><\/p>\n<p><strong><span style=\"vertical-align: inherit;\"><span style=\"vertical-align: inherit;\">Atentamente,<\/span><\/span><\/strong><\/p>\n<p><strong><span style=\"vertical-align: inherit;\"><span style=\"vertical-align: inherit;\">Equipo de Gesti\u00f3n Liceo Augusto D&#8217;Halmar<\/span><\/span><\/strong><\/p>\n<p><strong><span style=\"vertical-align: inherit;\"><span style=\"vertical-align: inherit;\">Departamento de Educaci\u00f3n, Corporaci\u00f3n Municipal de Desarrollo Social de \u00d1u\u00f1oa<\/span><\/span><\/strong><\/p>\n","protected":false},"excerpt":{"rendered":"<p>Sobre el inicio del a\u00f1o escolar 2023, queremos agradecerles todo el apoyo recibido hoy, que independiente a las situaciones complejas que se podr\u00edan haber presentado, la jornada se pudo realizar con normalidad, seg\u00fan lo planificado. Agradecemos el apoyo de los y las Estudiantes, su buena disposici\u00f3n y propuestas, que nos instan a seguir mejorando para [&hellip;]<\/p>\n","protected":false},"author":1,"featured_media":0,"comment_status":"closed","ping_status":"closed","sticky":false,"template":"","format":"standard","meta":{"footnotes":""},"categories":[1],"tags":[],"class_list":["post-1566","post","type-post","status-publish","format-standard","hentry","category-uncategorized"],"_links":{"self":[{"href":"https:\/\/liceoadhalmar.cl\/wp\/wp-json\/wp\/v2\/posts\/1566","targetHints":{"allow":["GET"]}}],"collection":[{"href":"https:\/\/liceoadhalmar.cl\/wp\/wp-json\/wp\/v2\/posts"}],"about":[{"href":"https:\/\/liceoadhalmar.cl\/wp\/wp-json\/wp\/v2\/types\/post"}],"author":[{"embeddable":true,"href":"https:\/\/liceoadhalmar.cl\/wp\/wp-json\/wp\/v2\/users\/1"}],"replies":[{"embeddable":true,"href":"https:\/\/liceoadhalmar.cl\/wp\/wp-json\/wp\/v2\/comments?post=1566"}],"version-history":[{"count":2,"href":"https:\/\/liceoadhalmar.cl\/wp\/wp-json\/wp\/v2\/posts\/1566\/revisions"}],"predecessor-version":[{"id":2657,"href":"https:\/\/liceoadhalmar.cl\/wp\/wp-json\/wp\/v2\/posts\/1566\/revisions\/2657"}],"wp:attachment":[{"href":"https:\/\/liceoadhalmar.cl\/wp\/wp-json\/wp\/v2\/media?parent=1566"}],"wp:term":[{"taxonomy":"category","embeddable":true,"href":"https:\/\/liceoadhalmar.cl\/wp\/wp-json\/wp\/v2\/categories?post=1566"},{"taxonomy":"post_tag","embeddable":true,"href":"https:\/\/liceoadhalmar.cl\/wp\/wp-json\/wp\/v2\/tags?post=1566"}],"curies":[{"name":"wp","href":"https:\/\/api.w.org\/{rel}","templated":true}]}}