{"id":1613,"date":"2023-04-20T16:23:37","date_gmt":"2023-04-20T16:23:37","guid":{"rendered":"https:\/\/liceoadhalmar.cl\/wp\/?p=1613"},"modified":"2023-05-26T03:27:42","modified_gmt":"2023-05-26T03:27:42","slug":"dias-de-suspension-de-clases-liceo-augusto-dhalmar-proceso-eleccionario-domingo-7-de-mayo","status":"publish","type":"post","link":"https:\/\/liceoadhalmar.cl\/wp\/dias-de-suspension-de-clases-liceo-augusto-dhalmar-proceso-eleccionario-domingo-7-de-mayo\/","title":{"rendered":"D\u00edas de suspensi\u00f3n de clases Liceo Augusto D\u00b4halmar, proceso eleccionario domingo 7 de mayo"},"content":{"rendered":"<p>Estimadas y estimados estudiantes y apoderadas\/os: les saludamos, en el deseo que est\u00e9n muy bien, y escribimos para informarles que hoy en la ma\u00f1ana oficialmente se ha comunicado al Liceo que, por la Resoluci\u00f3n Exenta N\u00ba 000887 de Secretar\u00eda Ministerial del Mineduc, se aprob\u00f3 la suspensi\u00f3n de clases a los 17 establecimientos educacionales de la comuna designados como locales de votaci\u00f3n, para las elecciones del d\u00eda domingo 7 de mayo:<\/p>\n<div class=\"gmail_quote\">\n<div dir=\"ltr\">\u2013\u00a0<b><u>La suspensi\u00f3n corresponde a los d\u00edas viernes 05 y lunes 08 de mayo<\/u><\/b>\u00a0toda la jornada de clases.\u2013 Solicitarles que el d\u00eda jueves 4 de mayo los estudiantes se retiren posterior al almuerzo, esto con el fin de que los funcionarios puedan desocupar salas y resguardar materiales de trabajo y aseo, dejando los espacios libres para el uso como local de votaci\u00f3n.\u00a0<b><u>Esto implica que las clases de ese d\u00eda, jueves 4 de mayo, en el Liceo ser\u00e1n hasta las 14:25 horas<\/u><\/b>.<\/p>\n<div><\/div>\n<div>La Resoluci\u00f3n en comento se\u00f1ala que esta suspensi\u00f3n es sin recuperaci\u00f3n de clases.<\/div>\n<div><\/div>\n<div>Gracias de antemano.<\/div>\n<div dir=\"ltr\" data-smartmail=\"gmail_signature\">\n<div dir=\"ltr\">Cordialmente,<\/div>\n<\/div>\n<\/div>\n<\/div>\n","protected":false},"excerpt":{"rendered":"<p>Estimadas y estimados estudiantes y apoderadas\/os: les saludamos, en el deseo que est\u00e9n muy bien, y escribimos para informarles que hoy en la ma\u00f1ana oficialmente se ha comunicado al Liceo que, por la Resoluci\u00f3n Exenta N\u00ba 000887 de Secretar\u00eda Ministerial del Mineduc, se aprob\u00f3 la suspensi\u00f3n de clases a los 17 establecimientos educacionales de la [&hellip;]<\/p>\n","protected":false},"author":1,"featured_media":0,"comment_status":"closed","ping_status":"closed","sticky":false,"template":"","format":"standard","meta":{"footnotes":""},"categories":[1],"tags":[],"class_list":["post-1613","post","type-post","status-publish","format-standard","hentry","category-uncategorized"],"_links":{"self":[{"href":"https:\/\/liceoadhalmar.cl\/wp\/wp-json\/wp\/v2\/posts\/1613","targetHints":{"allow":["GET"]}}],"collection":[{"href":"https:\/\/liceoadhalmar.cl\/wp\/wp-json\/wp\/v2\/posts"}],"about":[{"href":"https:\/\/liceoadhalmar.cl\/wp\/wp-json\/wp\/v2\/types\/post"}],"author":[{"embeddable":true,"href":"https:\/\/liceoadhalmar.cl\/wp\/wp-json\/wp\/v2\/users\/1"}],"replies":[{"embeddable":true,"href":"https:\/\/liceoadhalmar.cl\/wp\/wp-json\/wp\/v2\/comments?post=1613"}],"version-history":[{"count":2,"href":"https:\/\/liceoadhalmar.cl\/wp\/wp-json\/wp\/v2\/posts\/1613\/revisions"}],"predecessor-version":[{"id":1615,"href":"https:\/\/liceoadhalmar.cl\/wp\/wp-json\/wp\/v2\/posts\/1613\/revisions\/1615"}],"wp:attachment":[{"href":"https:\/\/liceoadhalmar.cl\/wp\/wp-json\/wp\/v2\/media?parent=1613"}],"wp:term":[{"taxonomy":"category","embeddable":true,"href":"https:\/\/liceoadhalmar.cl\/wp\/wp-json\/wp\/v2\/categories?post=1613"},{"taxonomy":"post_tag","embeddable":true,"href":"https:\/\/liceoadhalmar.cl\/wp\/wp-json\/wp\/v2\/tags?post=1613"}],"curies":[{"name":"wp","href":"https:\/\/api.w.org\/{rel}","templated":true}]}}