{"id":3453,"date":"2023-06-06T15:29:14","date_gmt":"2023-06-06T15:29:14","guid":{"rendered":"https:\/\/liceoadhalmar.cl\/wp\/?p=3453"},"modified":"2023-06-07T04:02:44","modified_gmt":"2023-06-07T04:02:44","slug":"inicio-pruebas-solemnes-nivel-junio-2023","status":"publish","type":"post","link":"https:\/\/liceoadhalmar.cl\/wp\/inicio-pruebas-solemnes-nivel-junio-2023\/","title":{"rendered":"Inicio Pruebas Solemnes\/Nivel, Junio 2023"},"content":{"rendered":"<p><span style=\"vertical-align: inherit;\"><span style=\"vertical-align: inherit;\">Estimadas\/os estudiantes y apoderadas\/os: les saludamos y recordamos que ma\u00f1ana, mi\u00e9rcoles 7 de junio, se inicia el per\u00edodo de rendici\u00f3n de pruebas Solemnes\/Nivel, junio 2023, con la evaluaci\u00f3n de aprendizajes de Matem\u00e1tica Diferenciada (3\u00b0 y 4\u00b0 medio). <\/span><span style=\"vertical-align: inherit;\">Como siempre, las\/los docentes a cargo revisar\u00e1n los resultados de dicha evaluaci\u00f3n en las clases, con los cursos respectivos, resolviendo dudas o consultas de estudiantes.<\/span><\/span><\/p>\n<p><span style=\"vertical-align: inherit;\"><span style=\"vertical-align: inherit;\">Adem\u00e1s, les informamos\/recordamos:<\/span><\/span><\/p>\n<p><strong><span style=\"vertical-align: inherit;\"><span style=\"vertical-align: inherit;\">1. Horario y M\u00f3dulo del horario en que se toman:\u00a0<\/span><\/span><\/strong><strong>\u00a0<\/strong><\/p>\n<ul>\n<li><strong><span style=\"vertical-align: inherit;\"><span style=\"vertical-align: inherit;\">Mi\u00e9rcoles 7 de junio: Matem\u00e1tica Diferenciada, 3\u00ba y 4\u00ba medios, 9:45 horas (3a hora).<\/span><\/span><\/strong><\/li>\n<li><strong><span style=\"vertical-align: inherit;\"><span style=\"vertical-align: inherit;\">Jueves 8 de junio: Lenguaje diferenciado, 3\u00ba y 4\u00ba medios, 9:45 horas (3a hora).<\/span><\/span><\/strong><\/li>\n<li><strong><span style=\"vertical-align: inherit;\"><span style=\"vertical-align: inherit;\">Jueves 8 de junio: Primeros Auxilios, 2\u00b0 medios, 9:45 horas (3a hora).<\/span><\/span><\/strong><\/li>\n<li><strong><span style=\"vertical-align: inherit;\"><span style=\"vertical-align: inherit;\">Viernes 9 de junio: Ingl\u00e9s, 7\u00ba b\u00e1sico a 4\u00ba medios, 9:45 horas (3a hora).<\/span><\/span><\/strong><\/li>\n<li><strong><span style=\"vertical-align: inherit;\"><span style=\"vertical-align: inherit;\">Lunes 12 de junio: Matem\u00e1tica, 7\u00ba b\u00e1sico a 4\u00ba medios, 11:25 horas (5a hora).<\/span><\/span><\/strong><\/li>\n<li><strong><span style=\"vertical-align: inherit;\"><span style=\"vertical-align: inherit;\">Martes 13 de junio: Biolog\u00eda, 7\u00ba b\u00e1sico a 2\u00ba medios; <\/span><span style=\"vertical-align: inherit;\">Ciencias para la Ciudadan\u00eda, 3\u00ba y 4\u00ba medios, 11:25 horas (5a hora).<\/span><\/span><\/strong><\/li>\n<li><strong><span style=\"vertical-align: inherit;\"><span style=\"vertical-align: inherit;\">Mi\u00e9rcoles 14 de junio: Econom\u00eda 1, 3\u00ba medios; <\/span><span style=\"vertical-align: inherit;\">Econom\u00eda 2, 4\u00b0 medios, 11:25 horas (5a hora).<\/span><\/span><\/strong><\/li>\n<li><strong><span style=\"vertical-align: inherit;\"><span style=\"vertical-align: inherit;\">Jueves 15 de junio: F\u00edsica, 7\u00ba b\u00e1sico a 4\u00ba medios, 11:25 horas (5a hora).<\/span><\/span><\/strong><\/li>\n<li><strong><span style=\"vertical-align: inherit;\"><span style=\"vertical-align: inherit;\">Viernes 16 de junio: Lenguaje, 7\u00ba b\u00e1sico a 4\u00ba medios, 11:25 horas (5a hora).<\/span><\/span><\/strong><\/li>\n<li><strong><span style=\"vertical-align: inherit;\"><span style=\"vertical-align: inherit;\">Lunes 19 de junio: Qu\u00edmica, 7\u00ba b\u00e1sico a 4\u00ba medios, 9:45 horas (3a hora).<\/span><\/span><\/strong><\/li>\n<li><strong><span style=\"vertical-align: inherit;\"><span style=\"vertical-align: inherit;\">Martes 20 de junio: Historia y Ciencias Sociales, 7\u00ba b\u00e1sico a 4\u00ba medio, 9:45 horas (3a hora).<\/span><\/span><\/strong><\/li>\n<\/ul>\n<p><strong>\u00a0<\/strong><\/p>\n<p><strong><span style=\"vertical-align: inherit;\"><span style=\"vertical-align: inherit;\">2. Tipo de instrumento: se trata de pruebas de selecci\u00f3n \u00fanica o m\u00faltiple (\u00edtem cerrado), en que los estudiantes responden en una hoja de respuesta, ennegreciendo la alternativa correcta. <\/span><span style=\"vertical-align: inherit;\">Se corrige y analiza de manera automatizada, utilizando un lector \u00f3ptico y un software ad hoc. <\/span><span style=\"vertical-align: inherit;\">Los estudiantes de 7\u00b0 b\u00e1sico han recibido una inducci\u00f3n espec\u00edfica para que puedan responder adecuadamente.<\/span><\/span><\/strong><\/p>\n<p>&nbsp;<\/p>\n<p><strong><span style=\"vertical-align: inherit;\"><span style=\"vertical-align: inherit;\">3. Estudiantes PIE: rendir\u00e1n sus evaluaciones de manera separada, en aulas Marie Curie, Biblioteca y Gastronom\u00eda, siendo acompa\u00f1ados\/os por integrantes del equipo PIE, para que les presten el apoyo t\u00e9cnico que requieran.<\/span><\/span><\/strong><\/p>\n<p>&nbsp;<\/p>\n<p><strong><span style=\"vertical-align: inherit;\"><span style=\"vertical-align: inherit;\">4. Reglamento de evaluaci\u00f3n, recordamos dos aspectos centrales:<\/span><\/span><\/strong><\/p>\n<p><strong><span style=\"vertical-align: inherit;\"><span style=\"vertical-align: inherit;\">a) En relaci\u00f3n con el porcentaje de logro de pruebas solemnes\/de nivel (art\u00edculo 17)<\/span><\/span><\/strong><\/p>\n<p><strong>&#8220;<em>Las notas coeficiente dos, tendr\u00e1n el car\u00e1cter de solemnes, y ser\u00e1n en toda instancia pruebas de nivel y\/o globales, las que deber\u00e1n entregar informaci\u00f3n del logro de aprendizajes de una, varias o todas las unidades efectivamente tratadas y de los aprendizajes esperados. Todos aquellos alumnos y alumnas que alcancen un 90% de logro en estas pruebas (coeficiente dos) obtendr\u00e1n nota 7.0.<\/em>&#8220;<\/strong><\/p>\n<p><strong>b) En relaci\u00f3n con la inasistencia a una evaluaci\u00f3n (art\u00edculo\u00a06):<\/strong><\/p>\n<p><strong>&#8220;<em>Art\u00edculo 6\u00b0: La inasistencia a una evaluaci\u00f3n, trabajos o tareas, sin la debida justificaci\u00f3n calificada, significar\u00e1 dar otra evaluaci\u00f3n, que mida los mismos conocimientos y habilidades y con el mismo nivel de dificultad, en el horario siguiente a su reintegro, pudiendo ser en horario de clases o de consultor\u00eda. La ausencia por enfermedad o causas mayores debe ser justificada en un plazo de 48 horas como m\u00e1ximo, con documentaci\u00f3n atingente, en Inspector\u00eda General, debiendo solicitar una nueva fecha para la evaluaci\u00f3n al profesor\/a jefe\/a, quien dise\u00f1ar\u00e1 un calendario especial para los\/as alumnos\/as que lo ameriten.<\/em>&#8220;<\/strong><\/p>\n<p><strong>Por lo mismo,\u00a0reforzamos la importancia de la asistencia y puntualidad a estas instancias evaluativas, dado que estamos al cierre del primer semestre, y el contar con todas las calificaciones calendarizadas o planificadas por docentes de asignatura, permitir\u00e1 a nuestras\/os estudiantes beneficiarse con lo que se establece en el Art\u00edculo 15\u00b0 de nuestro Reglamento de Evaluaci\u00f3n: &#8220;<em><span style=\"vertical-align: inherit;\"><span style=\"vertical-align: inherit;\">Cada estudiante, sin discriminaci\u00f3n alguna, y de acuerdo con su esfuerzo y m\u00e9rito, podr\u00e1 alcanzar un incentivo \u2014que al ser acordado por la comunidad no es arbitrario\u2014 de eliminar la nota m\u00e1s baja en cada asignatura al fin de cada semestre, siempre que haya completado el total de las evaluaciones, que tenga sobre el cincuenta por ciento de notas azules, y que, adem\u00e1s, su promedio de calificaci\u00f3n sea igual o superior a 4.51 (Las notas de lecturas domiciliarias, en cualquier asignatura, no son eliminables). <\/span><\/span><\/em><span style=\"vertical-align: inherit;\"><span style=\"vertical-align: inherit;\">&#8220;<\/span><\/span><\/strong><\/p>\n<p><span style=\"vertical-align: inherit;\"><span style=\"vertical-align: inherit;\">Gracias de antemano.<\/span><\/span><\/p>\n<p><span style=\"vertical-align: inherit;\"><span style=\"vertical-align: inherit;\">Cordialmente,<\/span><\/span><\/p>\n<p><span style=\"vertical-align: inherit;\"><span style=\"vertical-align: inherit;\">UTP<\/span><\/span><\/p>\n<p>&nbsp;<\/p>\n","protected":false},"excerpt":{"rendered":"<p>Estimadas\/os estudiantes y apoderadas\/os: les saludamos y recordamos que ma\u00f1ana, mi\u00e9rcoles 7 de junio, se inicia el per\u00edodo de rendici\u00f3n de pruebas Solemnes\/Nivel, junio 2023, con la evaluaci\u00f3n de aprendizajes de Matem\u00e1tica Diferenciada (3\u00b0 y 4\u00b0 medio). Como siempre, las\/los docentes a cargo revisar\u00e1n los resultados de dicha evaluaci\u00f3n en las clases, con los cursos [&hellip;]<\/p>\n","protected":false},"author":1,"featured_media":0,"comment_status":"closed","ping_status":"closed","sticky":false,"template":"","format":"standard","meta":{"footnotes":""},"categories":[1],"tags":[],"class_list":["post-3453","post","type-post","status-publish","format-standard","hentry","category-uncategorized"],"_links":{"self":[{"href":"https:\/\/liceoadhalmar.cl\/wp\/wp-json\/wp\/v2\/posts\/3453","targetHints":{"allow":["GET"]}}],"collection":[{"href":"https:\/\/liceoadhalmar.cl\/wp\/wp-json\/wp\/v2\/posts"}],"about":[{"href":"https:\/\/liceoadhalmar.cl\/wp\/wp-json\/wp\/v2\/types\/post"}],"author":[{"embeddable":true,"href":"https:\/\/liceoadhalmar.cl\/wp\/wp-json\/wp\/v2\/users\/1"}],"replies":[{"embeddable":true,"href":"https:\/\/liceoadhalmar.cl\/wp\/wp-json\/wp\/v2\/comments?post=3453"}],"version-history":[{"count":20,"href":"https:\/\/liceoadhalmar.cl\/wp\/wp-json\/wp\/v2\/posts\/3453\/revisions"}],"predecessor-version":[{"id":3776,"href":"https:\/\/liceoadhalmar.cl\/wp\/wp-json\/wp\/v2\/posts\/3453\/revisions\/3776"}],"wp:attachment":[{"href":"https:\/\/liceoadhalmar.cl\/wp\/wp-json\/wp\/v2\/media?parent=3453"}],"wp:term":[{"taxonomy":"category","embeddable":true,"href":"https:\/\/liceoadhalmar.cl\/wp\/wp-json\/wp\/v2\/categories?post=3453"},{"taxonomy":"post_tag","embeddable":true,"href":"https:\/\/liceoadhalmar.cl\/wp\/wp-json\/wp\/v2\/tags?post=3453"}],"curies":[{"name":"wp","href":"https:\/\/api.w.org\/{rel}","templated":true}]}}