{"id":4081,"date":"2023-06-23T20:06:39","date_gmt":"2023-06-23T20:06:39","guid":{"rendered":"https:\/\/liceoadhalmar.cl\/wp\/?p=4081"},"modified":"2023-06-23T20:34:40","modified_gmt":"2023-06-23T20:34:40","slug":"corte-de-agua-suspencion-clases-dia-sabado-24-de-junio-2023","status":"publish","type":"post","link":"https:\/\/liceoadhalmar.cl\/wp\/corte-de-agua-suspencion-clases-dia-sabado-24-de-junio-2023\/","title":{"rendered":"Corte de Agua &#8211; Suspensi\u00f3n clases d\u00eda S\u00e1bado 24 de Junio 2023"},"content":{"rendered":"<p><span style=\"vertical-align: inherit;\"><span style=\"vertical-align: inherit;\"><span style=\"vertical-align: inherit;\"><span style=\"vertical-align: inherit;\">Se acaba de confirmar corte de agua para varias comunas de la RM para ma\u00f1ana desde las 9.00 am, informado por Aguas Andinas, \u00d1u\u00f1oa es una de las comunas afectadas por el corte de agua, por lo que no podr\u00e1 realizar las clases del Preuniversitario del s\u00e1bado 24 de junio.<\/span><\/span><\/span><\/span><\/p>\n<p><span style=\"vertical-align: inherit;\"><span style=\"vertical-align: inherit;\"><span style=\"vertical-align: inherit;\"><span style=\"vertical-align: inherit;\">Saludos<\/span><\/span><\/span><\/span><\/p>\n<p><span style=\"vertical-align: inherit;\"><span style=\"vertical-align: inherit;\"><span style=\"vertical-align: inherit;\"><span style=\"vertical-align: inherit;\">La Direcci\u00f3n.<\/span><\/span><\/span><\/span><\/p>\n<hr \/>\n<p style=\"text-align: center;\">\n","protected":false},"excerpt":{"rendered":"<p>Se acaba de confirmar corte de agua para varias comunas de la RM para ma\u00f1ana desde las 9.00 am, informado por Aguas Andinas, \u00d1u\u00f1oa es una de las comunas afectadas por el corte de agua, por lo que no podr\u00e1 realizar las clases del Preuniversitario del s\u00e1bado 24 de junio. Saludos La Direcci\u00f3n.<\/p>\n","protected":false},"author":1,"featured_media":0,"comment_status":"closed","ping_status":"closed","sticky":false,"template":"","format":"standard","meta":{"footnotes":""},"categories":[1],"tags":[],"class_list":["post-4081","post","type-post","status-publish","format-standard","hentry","category-uncategorized"],"_links":{"self":[{"href":"https:\/\/liceoadhalmar.cl\/wp\/wp-json\/wp\/v2\/posts\/4081","targetHints":{"allow":["GET"]}}],"collection":[{"href":"https:\/\/liceoadhalmar.cl\/wp\/wp-json\/wp\/v2\/posts"}],"about":[{"href":"https:\/\/liceoadhalmar.cl\/wp\/wp-json\/wp\/v2\/types\/post"}],"author":[{"embeddable":true,"href":"https:\/\/liceoadhalmar.cl\/wp\/wp-json\/wp\/v2\/users\/1"}],"replies":[{"embeddable":true,"href":"https:\/\/liceoadhalmar.cl\/wp\/wp-json\/wp\/v2\/comments?post=4081"}],"version-history":[{"count":4,"href":"https:\/\/liceoadhalmar.cl\/wp\/wp-json\/wp\/v2\/posts\/4081\/revisions"}],"predecessor-version":[{"id":4083,"href":"https:\/\/liceoadhalmar.cl\/wp\/wp-json\/wp\/v2\/posts\/4081\/revisions\/4083"}],"wp:attachment":[{"href":"https:\/\/liceoadhalmar.cl\/wp\/wp-json\/wp\/v2\/media?parent=4081"}],"wp:term":[{"taxonomy":"category","embeddable":true,"href":"https:\/\/liceoadhalmar.cl\/wp\/wp-json\/wp\/v2\/categories?post=4081"},{"taxonomy":"post_tag","embeddable":true,"href":"https:\/\/liceoadhalmar.cl\/wp\/wp-json\/wp\/v2\/tags?post=4081"}],"curies":[{"name":"wp","href":"https:\/\/api.w.org\/{rel}","templated":true}]}}