{"id":4304,"date":"2023-08-31T20:58:48","date_gmt":"2023-08-31T20:58:48","guid":{"rendered":"https:\/\/liceoadhalmar.cl\/wp\/?p=4304"},"modified":"2023-08-31T20:58:48","modified_gmt":"2023-08-31T20:58:48","slug":"comunicado-campana-de-vacunacion-2023-7-y-8-basicos","status":"publish","type":"post","link":"https:\/\/liceoadhalmar.cl\/wp\/comunicado-campana-de-vacunacion-2023-7-y-8-basicos\/","title":{"rendered":"Comunicado campa\u00f1a de vacunaci\u00f3n 2023, 7\u00b0 y 8\u00b0 b\u00e1sicos"},"content":{"rendered":"<p><strong>COMUNICADO\u00a0CAMPA\u00d1A DE VACUNACI\u00d3N ESCOLAR 2023<\/strong><\/p>\n<p>Estimados padres, madres y\/o apoderados de 7\u00b0 y 8\u00b0 b\u00e1sicos:<\/p>\n<p>Junto con saludar y esperando est\u00e9n bien en sus hogares, comunico a Ud. que se dar\u00e1 inicio en este segundo semestre a la Campa\u00f1a de Vacunaci\u00f3n Escolar 2023, la cual se desarrolla todos los a\u00f1os de acuerdo al calendario de vacunaci\u00f3n program\u00e1tica en los siguientes grupos objetivos:<\/p>\n<ul>\n<li>Escolares de Primero y Octavo a\u00f1o b\u00e1sico que no han iniciado esquema de vacunaci\u00f3n o cuentan con una sola dosis de vacuna contra Difteria, T\u00e9tanos y Tos convulsiva (DTPA).<\/li>\n<li>Adem\u00e1s, se realizar\u00e1 la puesta al d\u00eda de vacuna SRP, para los escolares de Primero a Octavo a\u00f1o b\u00e1sico que cuenten con una sola dosis, los que deben completar esquemas de dos dosis.<\/li>\n<li>Tambi\u00e9n se realizar\u00e1 puesta al d\u00eda de los escolares con vacunas Virus Papiloma Humano (VPH), desde Cuarto a Octavo b\u00e1sico, que no hayan iniciado esquema o tengan esquema pendiente.<\/li>\n<\/ul>\n<p><strong>Esta vacunaci\u00f3n tiene car\u00e1cter OBLIGATORIO, por lo que NO REQUIERE la autorizaci\u00f3n por medio de firma de consentimiento informado de los padres y\/o apoderados, en conformidad con lo establecido en el art\u00edculo 32\u00b0 del C\u00f3digo Sanitario y el Decreto Exento N\u00b050 del 2021<\/strong>. Si existen padres o apoderados que desean rechazar la vacuna de sus hijos o pupilos, deben realizar el proceso de rechazo en forma presencial en el establecimiento de Salud correspondiente, donde se le entregara una consejer\u00eda en esta materia.<\/p>\n<p>Es importante recordar que estas vacunas van dirigidas a los ni\u00f1os y ni\u00f1as de los grupos objetivos independientes de su previsi\u00f3n, condici\u00f3n de migraci\u00f3n o nacionalidad.<\/p>\n<p><strong>El Operativo de vacunaci\u00f3n se llevar\u00e1 a cabo el d\u00eda viernes 08 de Septiembre desde las 10:00 a 14:00 hrs., en dependencias del establecimiento<\/strong>. Los estudiantes ser\u00e1n retiradas\/os de sus aulas para ser vacunados en el espacio que se habilitar\u00e1 como vacunatorio. En todo momento los estudiantes estar\u00e1n acompa\u00f1ados por profesionales del liceo. Si existen apoderados\/as que quieran asistir para acompa\u00f1ar a sus pupilas\/os, por motivos especiales, lo pueden hacer en estos mismos horarios.<\/p>\n<p>&nbsp;<\/p>\n<p>Saludos cordiales.<\/p>\n<p>&nbsp;<\/p>\n<p>DIRECCI\u00d3N<\/p>\n","protected":false},"excerpt":{"rendered":"<p>COMUNICADO\u00a0CAMPA\u00d1A DE VACUNACI\u00d3N ESCOLAR 2023 Estimados padres, madres y\/o apoderados de 7\u00b0 y 8\u00b0 b\u00e1sicos: Junto con saludar y esperando est\u00e9n bien en sus hogares, comunico a Ud. que se dar\u00e1 inicio en este segundo semestre a la Campa\u00f1a de Vacunaci\u00f3n Escolar 2023, la cual se desarrolla todos los a\u00f1os de acuerdo al calendario de [&hellip;]<\/p>\n","protected":false},"author":1,"featured_media":0,"comment_status":"closed","ping_status":"closed","sticky":false,"template":"","format":"standard","meta":{"footnotes":""},"categories":[1],"tags":[],"class_list":["post-4304","post","type-post","status-publish","format-standard","hentry","category-uncategorized"],"_links":{"self":[{"href":"https:\/\/liceoadhalmar.cl\/wp\/wp-json\/wp\/v2\/posts\/4304","targetHints":{"allow":["GET"]}}],"collection":[{"href":"https:\/\/liceoadhalmar.cl\/wp\/wp-json\/wp\/v2\/posts"}],"about":[{"href":"https:\/\/liceoadhalmar.cl\/wp\/wp-json\/wp\/v2\/types\/post"}],"author":[{"embeddable":true,"href":"https:\/\/liceoadhalmar.cl\/wp\/wp-json\/wp\/v2\/users\/1"}],"replies":[{"embeddable":true,"href":"https:\/\/liceoadhalmar.cl\/wp\/wp-json\/wp\/v2\/comments?post=4304"}],"version-history":[{"count":1,"href":"https:\/\/liceoadhalmar.cl\/wp\/wp-json\/wp\/v2\/posts\/4304\/revisions"}],"predecessor-version":[{"id":4305,"href":"https:\/\/liceoadhalmar.cl\/wp\/wp-json\/wp\/v2\/posts\/4304\/revisions\/4305"}],"wp:attachment":[{"href":"https:\/\/liceoadhalmar.cl\/wp\/wp-json\/wp\/v2\/media?parent=4304"}],"wp:term":[{"taxonomy":"category","embeddable":true,"href":"https:\/\/liceoadhalmar.cl\/wp\/wp-json\/wp\/v2\/categories?post=4304"},{"taxonomy":"post_tag","embeddable":true,"href":"https:\/\/liceoadhalmar.cl\/wp\/wp-json\/wp\/v2\/tags?post=4304"}],"curies":[{"name":"wp","href":"https:\/\/api.w.org\/{rel}","templated":true}]}}