{"id":5496,"date":"2024-11-14T18:40:48","date_gmt":"2024-11-14T18:40:48","guid":{"rendered":"https:\/\/liceoadhalmar.cl\/wp\/?p=5496"},"modified":"2024-11-14T18:40:48","modified_gmt":"2024-11-14T18:40:48","slug":"clases-en-el-liceo-por-2a-vuelta-de-eleccion-de-gobernadores-regionales","status":"publish","type":"post","link":"https:\/\/liceoadhalmar.cl\/wp\/clases-en-el-liceo-por-2a-vuelta-de-eleccion-de-gobernadores-regionales\/","title":{"rendered":"Clases en el Liceo, por 2a vuelta de elecci\u00f3n de Gobernadores regionales"},"content":{"rendered":"<p>Estimadas\/os estudiantes y apoderadas\/os:<\/p>\n<p>Les informamos que, hace pocos momentos atr\u00e1s, la Subdirecci\u00f3n de Educaci\u00f3n ha informado que &#8220;<em>los establecimientos educacionales que funcionen como locales de votaci\u00f3n desarrollar\u00e1n su jornada escolar hasta las 14:00 horas del viernes 22 de noviembre y podr\u00e1n funcionar de manera normal el lunes 25 de noviembre<\/em>&#8220;, reforzando lo se\u00f1alado en la Circular N\u00b0 0044 del Servel y las directrices de nuestro sostenedor.<\/p>\n<p>Por lo mismo,\u00a0<u><b>les comunico que el Liceo tendr\u00e1 jornada de clases el d\u00eda viernes 22 de noviembre, de 8:00 a 14:00 horas (a las 13:00 horas se brindar\u00e1 el servicio de almuerzo de la Junaeb; se suspenden talleres y otras actividades programadas para ese d\u00eda en la tarde) y el lunes 25 de noviembre, de 8:00 a 15:00 horas (jornada normal; despu\u00e9s de esa hora se llevan a cabo consultor\u00edas, talleres y otras actividades planificadas).<\/b><\/u><\/p>\n<p><strong>Por lo mismo, se adelantan para el viernes 22 de noviembre, a partir de las 9:45 horas, las pruebas solemnes de Primeros Auxilios (2\u00b0 medios) y de Econom\u00eda (3\u00b0 medios).<\/strong><\/p>\n<p>&nbsp;<\/p>\n<p>Por favor, tomar los resguardos del caso.<\/p>\n<p>&nbsp;<\/p>\n<p>Saludos cordiales.<\/p>\n<p>&nbsp;<\/p>\n<p><img fetchpriority=\"high\" decoding=\"async\" class=\"alignnone  wp-image-5420\" src=\"https:\/\/liceoadhalmar.cl\/wp\/wp-content\/uploads\/2024\/10\/Pedro-Castillo.png\" alt=\"\" width=\"649\" height=\"176\" srcset=\"https:\/\/liceoadhalmar.cl\/wp\/wp-content\/uploads\/2024\/10\/Pedro-Castillo.png 704w, https:\/\/liceoadhalmar.cl\/wp\/wp-content\/uploads\/2024\/10\/Pedro-Castillo-300x81.png 300w\" sizes=\"(max-width: 649px) 100vw, 649px\" \/><\/p>\n","protected":false},"excerpt":{"rendered":"<p>Estimadas\/os estudiantes y apoderadas\/os: Les informamos que, hace pocos momentos atr\u00e1s, la Subdirecci\u00f3n de Educaci\u00f3n ha informado que &#8220;los establecimientos educacionales que funcionen como locales de votaci\u00f3n desarrollar\u00e1n su jornada escolar hasta las 14:00 horas del viernes 22 de noviembre y podr\u00e1n funcionar de manera normal el lunes 25 de noviembre&#8220;, reforzando lo se\u00f1alado en [&hellip;]<\/p>\n","protected":false},"author":1,"featured_media":0,"comment_status":"closed","ping_status":"closed","sticky":false,"template":"","format":"standard","meta":{"footnotes":""},"categories":[1],"tags":[],"class_list":["post-5496","post","type-post","status-publish","format-standard","hentry","category-uncategorized"],"_links":{"self":[{"href":"https:\/\/liceoadhalmar.cl\/wp\/wp-json\/wp\/v2\/posts\/5496","targetHints":{"allow":["GET"]}}],"collection":[{"href":"https:\/\/liceoadhalmar.cl\/wp\/wp-json\/wp\/v2\/posts"}],"about":[{"href":"https:\/\/liceoadhalmar.cl\/wp\/wp-json\/wp\/v2\/types\/post"}],"author":[{"embeddable":true,"href":"https:\/\/liceoadhalmar.cl\/wp\/wp-json\/wp\/v2\/users\/1"}],"replies":[{"embeddable":true,"href":"https:\/\/liceoadhalmar.cl\/wp\/wp-json\/wp\/v2\/comments?post=5496"}],"version-history":[{"count":1,"href":"https:\/\/liceoadhalmar.cl\/wp\/wp-json\/wp\/v2\/posts\/5496\/revisions"}],"predecessor-version":[{"id":5497,"href":"https:\/\/liceoadhalmar.cl\/wp\/wp-json\/wp\/v2\/posts\/5496\/revisions\/5497"}],"wp:attachment":[{"href":"https:\/\/liceoadhalmar.cl\/wp\/wp-json\/wp\/v2\/media?parent=5496"}],"wp:term":[{"taxonomy":"category","embeddable":true,"href":"https:\/\/liceoadhalmar.cl\/wp\/wp-json\/wp\/v2\/categories?post=5496"},{"taxonomy":"post_tag","embeddable":true,"href":"https:\/\/liceoadhalmar.cl\/wp\/wp-json\/wp\/v2\/tags?post=5496"}],"curies":[{"name":"wp","href":"https:\/\/api.w.org\/{rel}","templated":true}]}}