{"id":5819,"date":"2025-03-04T14:47:48","date_gmt":"2025-03-04T14:47:48","guid":{"rendered":"https:\/\/liceoadhalmar.cl\/wp\/?p=5819"},"modified":"2025-03-04T20:54:21","modified_gmt":"2025-03-04T20:54:21","slug":"inicio-ano-escolar-miercoles-5-de-marzo-20225","status":"publish","type":"post","link":"https:\/\/liceoadhalmar.cl\/wp\/inicio-ano-escolar-miercoles-5-de-marzo-20225\/","title":{"rendered":"Inicio a\u00f1o Escolar Mi\u00e9rcoles 5 de Marzo 2025, Uniforme completo y sin buzo escolar."},"content":{"rendered":"<p>Estimada Comunidad,<\/p>\n<p>El horario de ingreso para el inicio del a\u00f1o escolar, comienza este Mi\u00e9rcoles 5 de marzo a las 7:50 a.m. con <strong>Uniforme completo y sin buzo escolar<\/strong>, los esperamos con mucho entusiasmo y energ\u00edas renovadas.<\/p>\n<p>&nbsp;<\/p>\n<p><img fetchpriority=\"high\" decoding=\"async\" class=\"alignnone wp-image-5579\" src=\"https:\/\/liceoadhalmar.cl\/wp\/wp-content\/uploads\/2025\/02\/FirmaPedroCastillo.jpg\" alt=\"\" width=\"428\" height=\"150\" srcset=\"https:\/\/liceoadhalmar.cl\/wp\/wp-content\/uploads\/2025\/02\/FirmaPedroCastillo.jpg 603w, https:\/\/liceoadhalmar.cl\/wp\/wp-content\/uploads\/2025\/02\/FirmaPedroCastillo-300x105.jpg 300w\" sizes=\"(max-width: 428px) 100vw, 428px\" \/><\/p>\n","protected":false},"excerpt":{"rendered":"<p>Estimada Comunidad, El horario de ingreso para el inicio del a\u00f1o escolar, comienza este Mi\u00e9rcoles 5 de marzo a las 7:50 a.m. con Uniforme completo y sin buzo escolar, los esperamos con mucho entusiasmo y energ\u00edas renovadas. &nbsp;<\/p>\n","protected":false},"author":1,"featured_media":0,"comment_status":"closed","ping_status":"closed","sticky":false,"template":"","format":"standard","meta":{"footnotes":""},"categories":[1],"tags":[],"class_list":["post-5819","post","type-post","status-publish","format-standard","hentry","category-uncategorized"],"_links":{"self":[{"href":"https:\/\/liceoadhalmar.cl\/wp\/wp-json\/wp\/v2\/posts\/5819","targetHints":{"allow":["GET"]}}],"collection":[{"href":"https:\/\/liceoadhalmar.cl\/wp\/wp-json\/wp\/v2\/posts"}],"about":[{"href":"https:\/\/liceoadhalmar.cl\/wp\/wp-json\/wp\/v2\/types\/post"}],"author":[{"embeddable":true,"href":"https:\/\/liceoadhalmar.cl\/wp\/wp-json\/wp\/v2\/users\/1"}],"replies":[{"embeddable":true,"href":"https:\/\/liceoadhalmar.cl\/wp\/wp-json\/wp\/v2\/comments?post=5819"}],"version-history":[{"count":6,"href":"https:\/\/liceoadhalmar.cl\/wp\/wp-json\/wp\/v2\/posts\/5819\/revisions"}],"predecessor-version":[{"id":5834,"href":"https:\/\/liceoadhalmar.cl\/wp\/wp-json\/wp\/v2\/posts\/5819\/revisions\/5834"}],"wp:attachment":[{"href":"https:\/\/liceoadhalmar.cl\/wp\/wp-json\/wp\/v2\/media?parent=5819"}],"wp:term":[{"taxonomy":"category","embeddable":true,"href":"https:\/\/liceoadhalmar.cl\/wp\/wp-json\/wp\/v2\/categories?post=5819"},{"taxonomy":"post_tag","embeddable":true,"href":"https:\/\/liceoadhalmar.cl\/wp\/wp-json\/wp\/v2\/tags?post=5819"}],"curies":[{"name":"wp","href":"https:\/\/api.w.org\/{rel}","templated":true}]}}