{"id":9196,"date":"2025-05-12T17:32:17","date_gmt":"2025-05-12T21:32:17","guid":{"rendered":"https:\/\/liceoadhalmar.cl\/wp\/?p=9196"},"modified":"2025-05-13T10:34:54","modified_gmt":"2025-05-13T14:34:54","slug":"bienvenidos-a-esta-presentacion-sobre-la-comunicacion-asertiva-un-pilar-para-el-vinculo-familiar","status":"publish","type":"post","link":"https:\/\/liceoadhalmar.cl\/wp\/bienvenidos-a-esta-presentacion-sobre-la-comunicacion-asertiva-un-pilar-para-el-vinculo-familiar\/","title":{"rendered":"Comunicaci\u00f3n Asertiva: Un Pilar para el V\u00ednculo Familiar"},"content":{"rendered":"<p>La comunicaci\u00f3n asertiva es la base de todas nuestras relaciones, y cuando se trata de nuestros hijos e hijas, este principio se vuelve a\u00fan m\u00e1s crucial. En esta presentaci\u00f3n,\u00a0<b>queremos invitarles a reflexionar sobre la importancia de comunicarnos de manera asertiva con nuestros ni\u00f1os\/adolescentes<\/b>, promoviendo un ambiente de respeto, comprensi\u00f3n y cercan\u00eda.<\/p>\n<p>La comunicaci\u00f3n asertiva no solo nos ayuda a expresar nuestras ideas y necesidades de manera clara y respetuosa, sino que tambi\u00e9n facilita una conexi\u00f3n m\u00e1s profunda y sincera con nuestros hijos. En este camino,\u00a0<b>fomentamos una convivencia familiar armoniosa y fortalecemos la salud emocional de todos los miembros del hogar<\/b>.<\/p>\n<p>Los invitamos a ser parte de este proceso,\u00a0<b>practicando la comunicaci\u00f3n asertiva<\/b>\u00a0como una herramienta que no solo mejora la relaci\u00f3n con sus hijos, sino que tambi\u00e9n contribuye a su bienestar emocional y desarrollo personal. Juntos, podemos construir un entorno familiar donde todos se sientan escuchados, comprendidos y apoyados.<\/p>\n<h2><strong><a href=\"https:\/\/drive.google.com\/file\/d\/1krI0-wsGXvmV3E5IJ1-Dij7YFQuWgrEN\/view?usp=sharing\" target=\"_blank\" rel=\"noopener\">Abrir documento aqu\u00ed<\/a><\/strong><\/h2>\n<p>Atte.<\/p>\n<p>Equipo de Convivencia Escolar 2025<\/p>\n","protected":false},"excerpt":{"rendered":"<p>La comunicaci\u00f3n asertiva es la base de todas nuestras relaciones, y cuando se trata de nuestros hijos e hijas, este principio se vuelve a\u00fan m\u00e1s crucial. En esta presentaci\u00f3n,\u00a0queremos invitarles a reflexionar sobre la importancia de comunicarnos de manera asertiva con nuestros ni\u00f1os\/adolescentes, promoviendo un ambiente de respeto, comprensi\u00f3n y cercan\u00eda. La comunicaci\u00f3n asertiva no [&hellip;]<\/p>\n","protected":false},"author":1,"featured_media":0,"comment_status":"closed","ping_status":"closed","sticky":false,"template":"","format":"standard","meta":{"footnotes":""},"categories":[1],"tags":[],"class_list":["post-9196","post","type-post","status-publish","format-standard","hentry","category-uncategorized"],"_links":{"self":[{"href":"https:\/\/liceoadhalmar.cl\/wp\/wp-json\/wp\/v2\/posts\/9196","targetHints":{"allow":["GET"]}}],"collection":[{"href":"https:\/\/liceoadhalmar.cl\/wp\/wp-json\/wp\/v2\/posts"}],"about":[{"href":"https:\/\/liceoadhalmar.cl\/wp\/wp-json\/wp\/v2\/types\/post"}],"author":[{"embeddable":true,"href":"https:\/\/liceoadhalmar.cl\/wp\/wp-json\/wp\/v2\/users\/1"}],"replies":[{"embeddable":true,"href":"https:\/\/liceoadhalmar.cl\/wp\/wp-json\/wp\/v2\/comments?post=9196"}],"version-history":[{"count":4,"href":"https:\/\/liceoadhalmar.cl\/wp\/wp-json\/wp\/v2\/posts\/9196\/revisions"}],"predecessor-version":[{"id":9202,"href":"https:\/\/liceoadhalmar.cl\/wp\/wp-json\/wp\/v2\/posts\/9196\/revisions\/9202"}],"wp:attachment":[{"href":"https:\/\/liceoadhalmar.cl\/wp\/wp-json\/wp\/v2\/media?parent=9196"}],"wp:term":[{"taxonomy":"category","embeddable":true,"href":"https:\/\/liceoadhalmar.cl\/wp\/wp-json\/wp\/v2\/categories?post=9196"},{"taxonomy":"post_tag","embeddable":true,"href":"https:\/\/liceoadhalmar.cl\/wp\/wp-json\/wp\/v2\/tags?post=9196"}],"curies":[{"name":"wp","href":"https:\/\/api.w.org\/{rel}","templated":true}]}}